{"id":58679,"date":"2026-09-01T10:02:07","date_gmt":"2026-09-01T09:02:07","guid":{"rendered":"https:\/\/www.optimat-group.com\/?p=58679"},"modified":"2026-09-01T11:58:46","modified_gmt":"2026-09-01T10:58:46","slug":"van-de-weerd","status":"publish","type":"post","link":"https:\/\/www.optimat-group.com\/fr\/actualites\/van-de-weerd\/","title":{"rendered":"De 77 \u00e0 2 000 m\u00b2 : comment Van de Weerd allie savoir-faire et production intelligente"},"content":{"rendered":"<div class=\"wpb-content-wrapper\" id=\"wpb-content-root\"><div class=\"vc_row wpb_row vc_row-fluid\"><div class=\"wpb_column vc_column_container vc_col-sm-12\"><div class=\"vc_column-inner\"><div class=\"wpb_wrapper\">\n\t<div class=\"wpb_text_column wpb_content_element\" >\n\t\t<div class=\"wpb_wrapper\">\n\t\t\t<h1>De 77 \u00e0 2 000 m\u00b2 : comment Van de Weerd allie savoir-faire et production intelligente<\/h1>\n<p><strong>Van de Weerd a d\u00e9but\u00e9 en 1968 en tant qu'atelier de menuiserie classique. Aujourd'hui, c'est une entreprise familiale moderne o\u00f9 trois g\u00e9n\u00e9rations de savoir-faire s'allient \u00e0 une production g\u00e9r\u00e9e de mani\u00e8re toujours plus intelligente. Le fil conducteur de cette \u00e9volution ? Un contact personnalis\u00e9 avec le client, une qualit\u00e9 jusque dans les finitions et des investissements ax\u00e9s sur une croissance durable.<\/strong><\/p>\n<p>Gr\u00e2ce aux machines HOMAG SAWTEQ S-200, DRILLTEQ V-310 et EDGETEQ S-300, associ\u00e9es au LOOPTEQ O-300, Van de Weerd a progressivement d\u00e9velopp\u00e9 sa production. Nous avons discut\u00e9 avec la famille de cette croissance, des choix effectu\u00e9s et de leur impact sur le fonctionnement quotidien de l'entreprise.<\/p>\n\n\t\t<\/div>\n\t<\/div>\n<div class=\"vc_empty_space\"   style=\"height: 32px\"><span class=\"vc_empty_space_inner\"><\/span><\/div><\/div><\/div><\/div><\/div><div class=\"vc_row wpb_row vc_row-fluid\"><div class=\"wpb_column vc_column_container vc_col-sm-6\"><div class=\"vc_column-inner\"><div class=\"wpb_wrapper\">\n\t<div class=\"wpb_text_column wpb_content_element\" >\n\t\t<div class=\"wpb_wrapper\">\n\t\t\t<h2>De la menuiserie traditionnelle \u00e0 une entreprise d'am\u00e9nagement d'int\u00e9rieur polyvalente<\/h2>\n<p><em>Van de Weerd existe depuis 1968 et la troisi\u00e8me g\u00e9n\u00e9ration est d\u00e9sormais \u00e0 la t\u00eate de l'entreprise. Comment l'entreprise a-t-elle \u00e9volu\u00e9 au fil des ans ?<\/em><\/p>\n<p>\u00ab L'entreprise a d\u00e9but\u00e9 par la menuiserie classique, principalement dans le domaine des charpentes. Bien s\u00fbr, l'atelier de menuiserie de l'\u00e9poque \u00e9tait compl\u00e8tement diff\u00e9rent. Nous travaillions avec des machines traditionnelles et nous nous concentrions plus particuli\u00e8rement sur les fen\u00eatres. \u00bb<\/p>\n<p>\u00ab Lorsque nous avons d\u00fb renouveler nos machines de fabrication de fen\u00eatres, nous avons d\u00e9cid\u00e9 de ne plus investir dans ce domaine. Nous nous sommes alors tourn\u00e9s vers les armoires, l'am\u00e9nagement int\u00e9rieur et les portes int\u00e9rieures \u00bb, explique Ilse Michiels, g\u00e9rante.<\/p>\n\n\t\t<\/div>\n\t<\/div>\n<\/div><\/div><\/div><div class=\"wpb_column vc_column_container vc_col-sm-6\"><div class=\"vc_column-inner\"><div class=\"wpb_wrapper\">\n\t<div class=\"wpb_video_widget wpb_content_element vc_clearfix   vc_video-aspect-ratio-169 vc_video-align-center\" >\n\t\t<div class=\"wpb_wrapper\" style=\"width: 100%\">\n\t\t\t\n\t\t\t<div class=\"wpb_video_wrapper\"><iframe loading=\"lazy\" title=\"De 77 \u00e0 2 000 m\u00b2 : une automatisation intelligente chez Van de Weerd | OPTIMAT\" width=\"500\" height=\"281\" src=\"https:\/\/www.youtube.com\/embed\/mqCWRzk-LdE?feature=oembed\" frameborder=\"0\" allow=\"accelerometer; autoplay; clipboard-write; encrypted-media; gyroscope; picture-in-picture; web-share\" referrerpolicy=\"strict-origin-when-cross-origin\" allowfullscreen><\/iframe><\/div>\n\t\t<\/div>\n\t<\/div>\n<\/div><\/div><\/div><\/div><div class=\"vc_row wpb_row vc_row-fluid\"><div class=\"wpb_column vc_column_container vc_col-sm-12\"><div class=\"vc_column-inner\"><div class=\"wpb_wrapper\"><div class=\"vc_empty_space\"   style=\"height: 32px\"><span class=\"vc_empty_space_inner\"><\/span><\/div><\/div><\/div><\/div><\/div><div data-vc-full-width=\"true\" data-vc-full-width-temp=\"true\" data-vc-full-width-init=\"false\" class=\"vc_row wpb_row vc_row-fluid vc_custom_1788251852802 vc_row-has-fill\"><div class=\"wpb_column vc_column_container vc_col-sm-12\"><div class=\"vc_column-inner\"><div class=\"wpb_wrapper\"><div class=\"vc_empty_space\"   style=\"height: 16px\"><span class=\"vc_empty_space_inner\"><\/span><\/div>\n\t<div class=\"wpb_text_column wpb_content_element\" >\n\t\t<div class=\"wpb_wrapper\">\n\t\t\t<p style=\"text-align: center;\"><span style=\"color: #ffffff;\">L'atelier s'est lui aussi agrandi au fil du temps. D'une superficie initiale de 77 m\u00b2, il est devenu un atelier moderne de pas moins de 2 000 m\u00b2.<\/span><\/p>\n<p style=\"text-align: center;\"><span style=\"color: #ffffff;\">\u00ab Au fil des ans, l'ancien local \u00e9tait tout simplement devenu trop petit. Gr\u00e2ce \u00e0 ce nouvel atelier, nous disposons non seulement de plus d'espace, mais nous sommes \u00e9galement pr\u00eats \u00e0 faire face \u00e0 une croissance future. \u00bb<\/span><\/p>\n<p style=\"text-align: center;\"><span style=\"color: #ffffff;\"><em>Qu'est-ce qui caract\u00e9rise le plus votre entreprise aujourd'hui ?<\/em><\/span><\/p>\n<p style=\"text-align: center;\"><span style=\"color: #ffffff;\">\u00ab Notre ambiance familiale est tr\u00e8s appr\u00e9ci\u00e9e. Chez nous, les clients ne sont pas de simples num\u00e9ros. Ils peuvent s'adresser \u00e0 nous personnellement, depuis le premier entretien jusqu'\u00e0 l'installation finale. Chez nous, tous les clients sont notre priorit\u00e9 absolue. \u00bb<\/span><\/p>\n\n\t\t<\/div>\n\t<\/div>\n<div class=\"vc_empty_space\"   style=\"height: 16px\"><span class=\"vc_empty_space_inner\"><\/span><\/div><\/div><\/div><\/div><\/div><div class=\"vc_row-full-width vc_clearfix\"><\/div><div class=\"vc_row wpb_row vc_row-fluid\"><div class=\"wpb_column vc_column_container vc_col-sm-12\"><div class=\"vc_column-inner\"><div class=\"wpb_wrapper\"><div class=\"vc_empty_space\"   style=\"height: 16px\"><span class=\"vc_empty_space_inner\"><\/span><\/div><\/div><\/div><\/div><\/div><div class=\"vc_row wpb_row vc_row-fluid\"><div class=\"wpb_column vc_column_container vc_col-sm-6\"><div class=\"vc_column-inner\"><div class=\"wpb_wrapper\">\n\t<div class=\"wpb_text_column wpb_content_element\" >\n\t\t<div class=\"wpb_wrapper\">\n\t\t\t<p>\u00ab Lors d\u2019un investissement, nous ne nous limitons donc pas \u00e0 la machine de base. Sur notre encolleuse de chants, par exemple, nous avons d\u00e9lib\u00e9r\u00e9ment opt\u00e9 pour une colle PU. Cela nous permet d\u2019obtenir un collage visuellement homog\u00e8ne qui est en outre r\u00e9sistant \u00e0 l\u2019eau. Il existe aujourd\u2019hui une multitude de possibilit\u00e9s et d\u2019options. Il est donc important de bien r\u00e9fl\u00e9chir \u00e0 ce dont on a r\u00e9ellement besoin pour atteindre le niveau de qualit\u00e9 souhait\u00e9. \u00bb<\/p>\n<p><em>Vous fabriquez notamment des cuisines, des dressings et d'autres meubles sur mesure. Vous effectuez \u00e9galement des travaux pr\u00e9paratoires pour d'autres menuisiers. Quelle flexibilit\u00e9 cela exige-t-il au niveau de la production ?<\/em><\/p>\n<p>\u00ab Gr\u00e2ce au lecteur de codes-barres, nous suivons nos pi\u00e8ces tout au long du processus de production. Toutes les informations sont \u00e9chang\u00e9es entre IMOS et les machines HOMAG. Nous nous assurons ainsi que les bonnes informations parviennent \u00e0 la bonne machine au bon moment. \u00bb<\/p>\n<p>\u00ab Nous examinons \u00e9tape par \u00e9tape comment nous pouvons automatiser davantage notre production. Chaque investissement doit \u00eatre adapt\u00e9 \u00e0 la r\u00e9alit\u00e9 de notre atelier et \u00e0 la prochaine phase de croissance que nous souhaitons conna\u00eetre en tant qu'entreprise. \u00bb<\/p>\n\n\t\t<\/div>\n\t<\/div>\n<\/div><\/div><\/div><div class=\"wpb_column vc_column_container vc_col-sm-6\"><div class=\"vc_column-inner\"><div class=\"wpb_wrapper\">\n\t<div  class=\"wpb_single_image wpb_content_element vc_align_right\">\n\t\t\n\t\t<figure class=\"wpb_wrapper vc_figure\">\n\t\t\t<div class=\"vc_single_image-wrapper\"><img loading=\"lazy\" decoding=\"async\" width=\"2074\" height=\"1438\" src=\"https:\/\/www.optimat-group.com\/wp-content\/uploads\/2026\/09\/OPTIMAT-Wood-Van-de-Weerd-HOMAG-01-scaled-e1788252498519.jpg\" class=\"vc_single_image-img attachment-full\" alt=\"OPTIMAT-Wood-Van-de-Weerd-HOMAG\" title=\"OPTIMAT-Wood-Van-de-Weerd-HOMAG\" srcset=\"https:\/\/www.optimat-group.com\/wp-content\/uploads\/2026\/09\/OPTIMAT-Wood-Van-de-Weerd-HOMAG-01-scaled-e1788252498519.jpg 2074w, https:\/\/www.optimat-group.com\/wp-content\/uploads\/2026\/09\/OPTIMAT-Wood-Van-de-Weerd-HOMAG-01-scaled-e1788252498519-300x208.jpg 300w, https:\/\/www.optimat-group.com\/wp-content\/uploads\/2026\/09\/OPTIMAT-Wood-Van-de-Weerd-HOMAG-01-scaled-e1788252498519-1024x710.jpg 1024w, https:\/\/www.optimat-group.com\/wp-content\/uploads\/2026\/09\/OPTIMAT-Wood-Van-de-Weerd-HOMAG-01-scaled-e1788252498519-768x532.jpg 768w, https:\/\/www.optimat-group.com\/wp-content\/uploads\/2026\/09\/OPTIMAT-Wood-Van-de-Weerd-HOMAG-01-scaled-e1788252498519-1536x1065.jpg 1536w, https:\/\/www.optimat-group.com\/wp-content\/uploads\/2026\/09\/OPTIMAT-Wood-Van-de-Weerd-HOMAG-01-scaled-e1788252498519-2048x1420.jpg 2048w, https:\/\/www.optimat-group.com\/wp-content\/uploads\/2026\/09\/OPTIMAT-Wood-Van-de-Weerd-HOMAG-01-scaled-e1788252498519-18x12.jpg 18w, https:\/\/www.optimat-group.com\/wp-content\/uploads\/2026\/09\/OPTIMAT-Wood-Van-de-Weerd-HOMAG-01-scaled-e1788252498519-150x104.jpg 150w\" sizes=\"auto, (max-width: 2074px) 100vw, 2074px\"  data-dt-location=\"https:\/\/www.optimat-group.com\/fr\/actualites\/van-de-weerd\/attachment\/default\/\" \/><\/div>\n\t\t<\/figure>\n\t<\/div>\n<\/div><\/div><\/div><\/div><div class=\"vc_row wpb_row vc_row-fluid\"><div class=\"wpb_column vc_column_container vc_col-sm-12\"><div class=\"vc_column-inner\"><div class=\"wpb_wrapper\"><div class=\"vc_empty_space\"   style=\"height: 32px\"><span class=\"vc_empty_space_inner\"><\/span><\/div>\n\t<div class=\"wpb_text_column wpb_content_element\" >\n\t\t<div class=\"wpb_wrapper\">\n\t\t\t<h2>Mettre l'artisanat au service de ce qui apporte une r\u00e9elle valeur ajout\u00e9e<\/h2>\n<p><em>Avant ces investissements, quelles \u00e9taient les limites auxquelles vous vous heurtiez dans l'atelier ?<\/em><\/p>\n<p>\u00ab L\u2019une des principales difficult\u00e9s a \u00e9t\u00e9 de trouver des personnes poss\u00e9dant les comp\u00e9tences, les connaissances et le sens du mat\u00e9riau requis. On souhaite exploiter au mieux le savoir-faire disponible. Le traitement et l\u2019utilisation efficaces des chutes ont \u00e9galement jou\u00e9 un r\u00f4le \u00e0 cet \u00e9gard. \u00bb<\/p>\n<p>Avec l'arriv\u00e9e de la scie \u00e0 d\u00e9coupe et du logiciel associ\u00e9, une grande partie de cette pr\u00e9paration a pu \u00eatre organis\u00e9e de mani\u00e8re plus efficace.<\/p>\n<p>\u00ab Avec une scie \u00e0 d\u00e9coupe HOMAG et Schnitt-Profit, vous n\u2019avez plus \u00e0 vous soucier autant de la r\u00e9partition optimale des panneaux. Cela apporte des avantages en termes de rapidit\u00e9 et d\u2019utilisation des mat\u00e9riaux, mais aussi en mati\u00e8re d\u2019ergonomie et de s\u00e9curit\u00e9. \u00bb<\/p>\n\n\t\t<\/div>\n\t<\/div>\n<div class=\"vc_empty_space\"   style=\"height: 32px\"><span class=\"vc_empty_space_inner\"><\/span><\/div>\n\t<div class=\"wpb_text_column wpb_content_element\" >\n\t\t<div class=\"wpb_wrapper\">\n\t\t\t<h2>Un parc de machines qui s'est d\u00e9velopp\u00e9 progressivement<\/h2>\n<p><em>Comment s'est d\u00e9roul\u00e9 le processus d'investissement ?<\/em><\/p>\n<p>\u00ab Tout a commenc\u00e9 en 2021 avec la SAWTEQ S-200. En 2023, la DRILLTEQ V-310 est venue s'y ajouter, puis en 2025, nous avons investi dans l'EDGETEQ S-300 avec la LOOPTEQ O-300. \u00bb<\/p>\n<p>Chaque machine est arriv\u00e9e \u00e0 un moment o\u00f9 Van de Weerd \u00e9tait pr\u00eat \u00e0 passer \u00e0 l'\u00e9tape suivante.<\/p>\n<p>\u00ab Il ne s'agit pas seulement de produire plus vite. Il s'agit tout autant de travailler de mani\u00e8re plus intelligente et plus coh\u00e9rente, d'am\u00e9liorer la s\u00e9curit\u00e9, l'ergonomie et la fiabilit\u00e9 du r\u00e9sultat final. \u00bb<\/p>\n<h2>SAWTEQ S-200 : rapidit\u00e9, s\u00e9curit\u00e9 et rendement exceptionnel<\/h2>\n<p><em>Concr\u00e8tement, quel est aujourd'hui l'impact du SAWTEQ S-200 sur votre fonctionnement quotidien ?<\/em><\/p>\n<p>\u00ab La vitesse de cette machine : nous en sommes vraiment ravis. Le rendement est si \u00e9lev\u00e9 que nous en sommes m\u00eame venus \u00e0 produire pour d'autres menuisiers. \u00bb<\/p>\n<p>Lorsque plusieurs pi\u00e8ces identiques sont n\u00e9cessaires, il est possible d'usiner plusieurs t\u00f4les les unes sur les autres. Cela permet d'augmenter consid\u00e9rablement la capacit\u00e9 de production.<\/p>\n<p>\u00ab De plus, la s\u00e9curit\u00e9 et l'ergonomie n'ont absolument rien \u00e0 voir avec celles d'une scie \u00e0 panneaux traditionnelle. Il y a beaucoup moins de poussi\u00e8re, les panneaux restent propres et l'atelier reste lui aussi particuli\u00e8rement propre. \u00bb<\/p>\n<p>Ce dernier point n'est pas seulement appr\u00e9ciable pour les collaborateurs. Les clients remarquent eux aussi la diff\u00e9rence.<\/p>\n<p>\u00ab Nous aimons faire visiter l'atelier \u00e0 nos clients. Ils voient \u00e0 quel point tout est soigneusement rang\u00e9. Parfois, ils viennent m\u00eame jeter un \u0153il pendant le processus de fabrication et voient litt\u00e9ralement leur armoire ou leur escalier prendre vie. C'est quelque chose que les clients appr\u00e9cient vraiment. \u00bb<\/p>\n<p>Au d\u00e9part, on avait \u00e9galement envisag\u00e9 un SAWTEQ S-100, mais celui-ci s'est av\u00e9r\u00e9 ne pas convenir \u00e0 toutes les dimensions de panneaux trait\u00e9es par Van de Weerd.<\/p>\n<p>\u00ab Nous travaillons notamment avec des panneaux de 4,20 m\u00e8tres. C\u2019est pourquoi nous avions besoin d\u2019une solution capable de g\u00e9rer ces grands formats. \u00bb<\/p>\n\n\t\t<\/div>\n\t<\/div>\n<div class=\"vc_empty_space\"   style=\"height: 16px\"><span class=\"vc_empty_space_inner\"><\/span><\/div>\n<div class=\"vc_grid-container-wrapper vc_clearfix vc_grid-animation-zoomIn\">\n\t<div class=\"vc_grid-container vc_clearfix wpb_content_element vc_masonry_media_grid\" style=\"--vc-grid-gap:15px;\" data-initial-loading-animation=\"zoomIn\" data-vc-grid-settings=\"{&quot;page_id&quot;:58679,&quot;style&quot;:&quot;all-masonry&quot;,&quot;action&quot;:&quot;vc_get_vc_grid_data&quot;,&quot;shortcode_id&quot;:&quot;1788253087050-ecd3332a-0779-4&quot;,&quot;tag&quot;:&quot;vc_masonry_media_grid&quot;}\" data-vc-request=\"https:\/\/www.optimat-group.com\/wp-admin\/admin-ajax.php\" data-vc-post-id=\"58679\" data-vc-public-nonce=\"597a24cd52\">\n\t\t\n\t<\/div>\n<\/div><div class=\"vc_empty_space\"   style=\"height: 16px\"><span class=\"vc_empty_space_inner\"><\/span><\/div>\n\t<div class=\"wpb_text_column wpb_content_element\" >\n\t\t<div class=\"wpb_wrapper\">\n\t\t\t<h2>Mettre l'artisanat au service de ce qui apporte une r\u00e9elle valeur ajout\u00e9e<\/h2>\n<p><em>Avant ces investissements, quelles \u00e9taient les limites auxquelles vous vous heurtiez dans l'atelier ?<\/em><\/p>\n<p>\u00ab L\u2019une des principales difficult\u00e9s a \u00e9t\u00e9 de trouver des personnes poss\u00e9dant les comp\u00e9tences, les connaissances et le sens du mat\u00e9riau requis. On souhaite exploiter au mieux le savoir-faire disponible. Le traitement et l\u2019utilisation efficaces des chutes ont \u00e9galement jou\u00e9 un r\u00f4le \u00e0 cet \u00e9gard. \u00bb<\/p>\n<p>Avec l'arriv\u00e9e de la scie \u00e0 d\u00e9coupe et du logiciel associ\u00e9, une grande partie de cette pr\u00e9paration a pu \u00eatre organis\u00e9e de mani\u00e8re plus efficace.<\/p>\n<p>\u00ab Avec une scie \u00e0 d\u00e9coupe HOMAG et Schnitt-Profit, vous n\u2019avez plus \u00e0 vous soucier autant de la r\u00e9partition optimale des panneaux. Cela apporte des avantages en termes de rapidit\u00e9 et d\u2019utilisation des mat\u00e9riaux, mais aussi en mati\u00e8re d\u2019ergonomie et de s\u00e9curit\u00e9. \u00bb<\/p>\n\n\t\t<\/div>\n\t<\/div>\n<div class=\"vc_empty_space\"   style=\"height: 32px\"><span class=\"vc_empty_space_inner\"><\/span><\/div><\/div><\/div><\/div><\/div><div class=\"vc_row wpb_row vc_row-fluid\"><div class=\"wpb_column vc_column_container vc_col-sm-12\"><div class=\"vc_column-inner\"><div class=\"wpb_wrapper\">\n\t<div class=\"wpb_text_column wpb_content_element\" >\n\t\t<div class=\"wpb_wrapper\">\n\t\t\t<h2>EDGETEQ S-300 avec LOOPTEQ O-300 : un d\u00e9bit continu et un rendement deux fois plus \u00e9lev\u00e9<\/h2>\n<p><em>L'EDGETEQ S-300 associ\u00e9 au LOOPTEQ O-300 repr\u00e9sente une avanc\u00e9e consid\u00e9rable pour un atelier de votre envergure. Pourquoi un syst\u00e8me de retour vous a-t-il sembl\u00e9 logique ?<\/em><\/p>\n<p>\u00ab Notre ancienne encolleuse de bords \u00e9tait une Brandt. Nous avons alors \u00e9t\u00e9 confront\u00e9s au probl\u00e8me d'un syst\u00e8me de retour trop petit. Nous avons donc d\u00e9lib\u00e9r\u00e9ment cherch\u00e9 une machine capable de g\u00e9rer un retour plus important. \u00bb<\/p>\n<p>\u00ab La colle PU, le produit de nettoyage et la hauteur des fraises de pr\u00e9-usinage, entre autres, sont des options que nous avons d\u00e9lib\u00e9r\u00e9ment ajout\u00e9es \u00e0 la configuration. Lorsque l'on utilise une machine au quotidien, on souhaite un flux de travail continu et elle doit s'adapter parfaitement \u00e0 notre fa\u00e7on de travailler. \u00bb<\/p>\n<p>\u00ab Si l'on examine la production moyenne, on constate d'ores et d\u00e9j\u00e0 que nous produisons environ le double par rapport \u00e0 notre ancienne machine. Le rendement est vraiment bien sup\u00e9rieur. \u00bb<\/p>\n\n\t\t<\/div>\n\t<\/div>\n<div class=\"vc_empty_space\"   style=\"height: 16px\"><span class=\"vc_empty_space_inner\"><\/span><\/div>\n<div class=\"vc_grid-container-wrapper vc_clearfix vc_grid-animation-zoomIn\">\n\t<div class=\"vc_grid-container vc_clearfix wpb_content_element vc_masonry_media_grid\" style=\"--vc-grid-gap:15px;\" data-initial-loading-animation=\"zoomIn\" data-vc-grid-settings=\"{&quot;page_id&quot;:58679,&quot;style&quot;:&quot;all-masonry&quot;,&quot;action&quot;:&quot;vc_get_vc_grid_data&quot;,&quot;shortcode_id&quot;:&quot;1788253087051-ca6f7e3c-6591-2&quot;,&quot;tag&quot;:&quot;vc_masonry_media_grid&quot;}\" data-vc-request=\"https:\/\/www.optimat-group.com\/wp-admin\/admin-ajax.php\" data-vc-post-id=\"58679\" data-vc-public-nonce=\"597a24cd52\">\n\t\t\n\t<\/div>\n<\/div><div class=\"vc_empty_space\"   style=\"height: 32px\"><span class=\"vc_empty_space_inner\"><\/span><\/div>\n\t<div class=\"wpb_text_column wpb_content_element\" >\n\t\t<div class=\"wpb_wrapper\">\n\t\t\t<h2>DRILLTEQ V-310 : des possibilit\u00e9s maximales sur seulement 11 m\u00b2<\/h2>\n<p><em>Quelle valeur ajout\u00e9e apporte le DRILLTEQ V-310 par rapport aux mod\u00e8les pr\u00e9c\u00e9dents ?<\/em><\/p>\n<p>\u00ab Le V-310 a \u00e9t\u00e9 choisi sur la recommandation expresse de Gregory Buelens. En m'appuyant sur ses premi\u00e8res informations, j'ai moi-m\u00eame approfondi mes recherches. En termes de rapport qualit\u00e9-prix, cette machine est pour nous un v\u00e9ritable coup de c\u0153ur. \u00bb<\/p>\n<p>La configuration compacte a \u00e9galement jou\u00e9 un r\u00f4le d\u00e9terminant.<\/p>\n<p>\u00ab La machine n'occupe que 11 m\u00b2. Pour nous, c'\u00e9tait tout simplement la solution la plus simple, la plus rapide et la plus abordable. De plus, elle est plus facile \u00e0 ma\u00eetriser qu'une machine CNC horizontale. \u00bb<\/p>\n<p>Van de Weerd a ainsi pu \u00e9tendre ses capacit\u00e9s en mati\u00e8re d'usinage CNC sans avoir \u00e0 r\u00e9am\u00e9nager imm\u00e9diatement une grande partie de l'atelier.<\/p>\n\n\t\t<\/div>\n\t<\/div>\n<div class=\"vc_empty_space\"   style=\"height: 16px\"><span class=\"vc_empty_space_inner\"><\/span><\/div>\n<div class=\"vc_grid-container-wrapper vc_clearfix vc_grid-animation-zoomIn\">\n\t<div class=\"vc_grid-container vc_clearfix wpb_content_element vc_masonry_media_grid\" style=\"--vc-grid-gap:15px;\" data-initial-loading-animation=\"zoomIn\" data-vc-grid-settings=\"{&quot;page_id&quot;:58679,&quot;style&quot;:&quot;all-masonry&quot;,&quot;action&quot;:&quot;vc_get_vc_grid_data&quot;,&quot;shortcode_id&quot;:&quot;1788253087052-87aaf546-c02a-3&quot;,&quot;tag&quot;:&quot;vc_masonry_media_grid&quot;}\" data-vc-request=\"https:\/\/www.optimat-group.com\/wp-admin\/admin-ajax.php\" data-vc-post-id=\"58679\" data-vc-public-nonce=\"597a24cd52\">\n\t\t\n\t<\/div>\n<\/div><div class=\"vc_empty_space\"   style=\"height: 32px\"><span class=\"vc_empty_space_inner\"><\/span><\/div>\n\t<div class=\"wpb_text_column wpb_content_element\" >\n\t\t<div class=\"wpb_wrapper\">\n\t\t\t<h2>Vers une collaboration durable gr\u00e2ce aux techniciens de Vens &amp; Thiers<\/h2>\n<p><em>Pourquoi avez-vous choisi HOMAG et OPTIMAT comme partenaires ?<\/em><\/p>\n<p>\u00ab Pour Gr\u00e9gory et ses pralines \u00bb, dit-elle en riant.<\/p>\n<p>Mais derri\u00e8re cette boutade se cache une collaboration qui remonte \u00e0 bien longtemps.<\/p>\n<p>\u00ab Avant, nous achetions nos machines chez Halwema. Nous y avions notamment achet\u00e9 une encolleuse de chants de la marque Brandt. Apr\u00e8s la faillite de Halwema, nous avions besoin de techniciens pour l'entretien de cette machine. C'est ainsi que nous nous sommes tourn\u00e9s vers l'ancienne soci\u00e9t\u00e9 Vens &amp; Thiers. \u00bb<\/p>\n<p>Lorsque, par la suite, la recherche d'une nouvelle scie \u00e0 tron\u00e7onner a commenc\u00e9, nos relations avec OPTIMAT se sont \u00e9galement renforc\u00e9es.<\/p>\n<p>\u00ab On discute avec les techniciens et on commence \u00e0 se renseigner sur la qualit\u00e9 des machines. Tout a finalement commenc\u00e9 avec la scie \u00e0 d\u00e9coupe. J\u2019ai assez vite eu un coup de c\u0153ur pour OPTIMAT et son approche. \u00bb<\/p>\n<p>L'investissement dans des machines haut de gamme est toujours mis en balance avec la s\u00e9curit\u00e9 \u00e0 long terme.<\/p>\n<p>\u00ab C'est vrai que \u00e7a co\u00fbte un peu cher, mais en contrepartie, vous b\u00e9n\u00e9ficiez de la fiabilit\u00e9 d'OPTIMAT et d'un service sur lequel vous pouvez compter. En cas de probl\u00e8me, celui-ci est g\u00e9n\u00e9ralement r\u00e9solu rapidement. \u00bb<\/p>\n<blockquote><p>\n\u00ab Nous avons l'impression que Gregory se bat pour nous \u00bb\n<\/p><\/blockquote>\n<p><em>Quel r\u00f4le les conseils de Gregory Buelens ont-ils jou\u00e9 dans ce processus ?<\/em><\/p>\n<p>\u00ab Quand on a vraiment un probl\u00e8me, Gregory s'en occupe. On a l'impression qu'il se bat pour nous et qu'il nous repr\u00e9sente bien. \u00bb<\/p>\n<p>Au fil des ann\u00e9es, les conseils ont \u00e9volu\u00e9 au rythme de l'entreprise. Ce n'\u00e9tait pas simplement la machine la plus grande ou la plus sophistiqu\u00e9e qui primait, mais bien la solution la mieux adapt\u00e9e \u00e0 l'atelier \u00e0 ce moment-l\u00e0.<\/p>\n<p>\u00ab L'important est de choisir la bonne machine au bon moment et d'adapter l'investissement aux r\u00e9alit\u00e9s de votre production. \u00bb<\/p>\n\n\t\t<\/div>\n\t<\/div>\n<div class=\"vc_empty_space\"   style=\"height: 32px\"><span class=\"vc_empty_space_inner\"><\/span><\/div><\/div><\/div><\/div><\/div><div class=\"vc_row wpb_row vc_row-fluid\"><div class=\"wpb_column vc_column_container vc_col-sm-6\"><div class=\"vc_column-inner\"><div class=\"wpb_wrapper\">\n\t<div  class=\"wpb_single_image wpb_content_element vc_align_left\">\n\t\t\n\t\t<figure class=\"wpb_wrapper vc_figure\">\n\t\t\t<div class=\"vc_single_image-wrapper\"><img loading=\"lazy\" decoding=\"async\" width=\"2560\" height=\"1707\" src=\"https:\/\/www.optimat-group.com\/wp-content\/uploads\/2026\/09\/OPTIMAT-Wood-Van-de-Weerd-HOMAG-20-scaled.jpg\" class=\"vc_single_image-img attachment-full\" alt=\"OPTIMAT Wood - Van de Weerd - HOMAG\" title=\"OPTIMAT Wood - Van de Weerd - HOMAG - -20\" srcset=\"https:\/\/www.optimat-group.com\/wp-content\/uploads\/2026\/09\/OPTIMAT-Wood-Van-de-Weerd-HOMAG-20-scaled.jpg 2560w, https:\/\/www.optimat-group.com\/wp-content\/uploads\/2026\/09\/OPTIMAT-Wood-Van-de-Weerd-HOMAG-20-300x200.jpg 300w, https:\/\/www.optimat-group.com\/wp-content\/uploads\/2026\/09\/OPTIMAT-Wood-Van-de-Weerd-HOMAG-20-1024x683.jpg 1024w, https:\/\/www.optimat-group.com\/wp-content\/uploads\/2026\/09\/OPTIMAT-Wood-Van-de-Weerd-HOMAG-20-768x512.jpg 768w, https:\/\/www.optimat-group.com\/wp-content\/uploads\/2026\/09\/OPTIMAT-Wood-Van-de-Weerd-HOMAG-20-1536x1024.jpg 1536w, https:\/\/www.optimat-group.com\/wp-content\/uploads\/2026\/09\/OPTIMAT-Wood-Van-de-Weerd-HOMAG-20-2048x1365.jpg 2048w, https:\/\/www.optimat-group.com\/wp-content\/uploads\/2026\/09\/OPTIMAT-Wood-Van-de-Weerd-HOMAG-20-18x12.jpg 18w, https:\/\/www.optimat-group.com\/wp-content\/uploads\/2026\/09\/OPTIMAT-Wood-Van-de-Weerd-HOMAG-20-150x100.jpg 150w\" sizes=\"auto, (max-width: 2560px) 100vw, 2560px\"  data-dt-location=\"https:\/\/www.optimat-group.com\/fr\/actualites\/van-de-weerd\/attachment\/optimat-wood-van-de-weerd-homag-20\/\" \/><\/div>\n\t\t<\/figure>\n\t<\/div>\n<\/div><\/div><\/div><div class=\"wpb_column vc_column_container vc_col-sm-6\"><div class=\"vc_column-inner\"><div class=\"wpb_wrapper\">\n\t<div class=\"wpb_text_column wpb_content_element\" >\n\t\t<div class=\"wpb_wrapper\">\n\t\t\t<h2>Une diff\u00e9rence que le client final remarque \u00e9galement<\/h2>\n<p><em>Concr\u00e8tement, que constatez-vous aujourd'hui en termes de rapidit\u00e9, de qualit\u00e9 et de confort de travail ? Et qu'est-ce que cela signifie pour vos clients ?<\/em><\/p>\n<p>\u00ab Les documents sont trait\u00e9s avec plus de rigueur et nous pouvons livrer un travail beaucoup plus soign\u00e9. Comme l'ensemble du processus se d\u00e9roule mieux, nous avons plus rapidement une id\u00e9e pr\u00e9cise du prix et pouvons calculer les co\u00fbts des projets plus facilement. \u00bb<\/p>\n<p>La meilleure pr\u00e9visibilit\u00e9 de la production renforce \u00e9galement la fiabilit\u00e9 vis-\u00e0-vis du client.<\/p>\n<p>\u00ab La fiabilit\u00e9 est tout simplement meilleure. Et les machines qui se trouvent ici valent le d\u00e9tour. Elles contribuent \u00e0 l'image de notre entreprise et \u00e0 la confiance que nos clients accordent \u00e0 notre savoir-faire. \u00bb<\/p>\n\n\t\t<\/div>\n\t<\/div>\n<\/div><\/div><\/div><\/div><div class=\"vc_row wpb_row vc_row-fluid\"><div class=\"wpb_column vc_column_container vc_col-sm-12\"><div class=\"vc_column-inner\"><div class=\"wpb_wrapper\"><div class=\"vc_empty_space\"   style=\"height: 32px\"><span class=\"vc_empty_space_inner\"><\/span><\/div><\/div><\/div><\/div><\/div><div class=\"vc_row wpb_row vc_row-fluid\"><div class=\"wpb_column vc_column_container vc_col-sm-6\"><div class=\"vc_column-inner\"><div class=\"wpb_wrapper\">\n\t<div class=\"wpb_text_column wpb_content_element\" >\n\t\t<div class=\"wpb_wrapper\">\n\t\t\t<h2>La prochaine \u00e9tape : encore plus d'automatisation<\/h2>\n<p><em>O\u00f9 souhaitez-vous que Van de Weerd en soit d'ici cinq ans ?<\/em><\/p>\n<p>\u00ab Nous souhaitons nous concentrer encore davantage sur l'automatisation et sur l'ensemble du flux de travail. IMOS continuera \u00e0 jouer un r\u00f4le important \u00e0 cet \u00e9gard. De plus, une machine CNC horizontale doit venir s'ajouter \u00e0 notre parc dans les ann\u00e9es \u00e0 venir. \u00bb<\/p>\n<p>La production pr\u00e9paratoire destin\u00e9e aux autres menuisiers offre \u00e9galement de nouvelles perspectives de croissance.<\/p>\n<p>\u00ab Nous en sommes d\u00e9j\u00e0 capables aujourd\u2019hui, mais nous souhaitons nous y consacrer encore davantage \u00e0 l\u2019avenir. L\u2019objectif est d\u2019exploiter au maximum la capacit\u00e9 disponible de notre parc de machines. \u00bb<\/p>\n<blockquote><p>\n\u00ab Ne vous fiez pas uniquement au prix, mais surtout au rendement \u00bb\n<\/p><\/blockquote>\n\n\t\t<\/div>\n\t<\/div>\n<\/div><\/div><\/div><div class=\"wpb_column vc_column_container vc_col-sm-6\"><div class=\"vc_column-inner\"><div class=\"wpb_wrapper\">\n\t<div  class=\"wpb_single_image wpb_content_element vc_align_left\">\n\t\t\n\t\t<figure class=\"wpb_wrapper vc_figure\">\n\t\t\t<div class=\"vc_single_image-wrapper\"><img loading=\"lazy\" decoding=\"async\" width=\"2560\" height=\"1707\" src=\"https:\/\/www.optimat-group.com\/wp-content\/uploads\/2026\/09\/OPTIMAT-Wood-Van-de-Weerd-HOMAG-06-scaled.jpg\" class=\"vc_single_image-img attachment-full\" alt=\"OPTIMAT Wood - Van de Weerd - HOMAG\" title=\"OPTIMAT Wood - Van de Weerd - HOMAG - -06\" srcset=\"https:\/\/www.optimat-group.com\/wp-content\/uploads\/2026\/09\/OPTIMAT-Wood-Van-de-Weerd-HOMAG-06-scaled.jpg 2560w, https:\/\/www.optimat-group.com\/wp-content\/uploads\/2026\/09\/OPTIMAT-Wood-Van-de-Weerd-HOMAG-06-300x200.jpg 300w, https:\/\/www.optimat-group.com\/wp-content\/uploads\/2026\/09\/OPTIMAT-Wood-Van-de-Weerd-HOMAG-06-1024x683.jpg 1024w, https:\/\/www.optimat-group.com\/wp-content\/uploads\/2026\/09\/OPTIMAT-Wood-Van-de-Weerd-HOMAG-06-768x512.jpg 768w, https:\/\/www.optimat-group.com\/wp-content\/uploads\/2026\/09\/OPTIMAT-Wood-Van-de-Weerd-HOMAG-06-1536x1024.jpg 1536w, https:\/\/www.optimat-group.com\/wp-content\/uploads\/2026\/09\/OPTIMAT-Wood-Van-de-Weerd-HOMAG-06-2048x1365.jpg 2048w, https:\/\/www.optimat-group.com\/wp-content\/uploads\/2026\/09\/OPTIMAT-Wood-Van-de-Weerd-HOMAG-06-18x12.jpg 18w, https:\/\/www.optimat-group.com\/wp-content\/uploads\/2026\/09\/OPTIMAT-Wood-Van-de-Weerd-HOMAG-06-150x100.jpg 150w\" sizes=\"auto, (max-width: 2560px) 100vw, 2560px\"  data-dt-location=\"https:\/\/www.optimat-group.com\/fr\/actualites\/van-de-weerd\/attachment\/optimat-wood-van-de-weerd-homag-06\/\" \/><\/div>\n\t\t<\/figure>\n\t<\/div>\n<\/div><\/div><\/div><\/div><div class=\"vc_row wpb_row vc_row-fluid\"><div class=\"wpb_column vc_column_container vc_col-sm-12\"><div class=\"vc_column-inner\"><div class=\"wpb_wrapper\"><div class=\"vc_empty_space\"   style=\"height: 32px\"><span class=\"vc_empty_space_inner\"><\/span><\/div>\n\t<div class=\"wpb_text_column wpb_content_element\" >\n\t\t<div class=\"wpb_wrapper\">\n\t\t\t<p><em>Quels conseils donneriez-vous \u00e0 d'autres petits menuisiers qui h\u00e9sitent \u00e0 investir dans l'automatisation ?<\/em><\/p>\n<p>\u00ab Le prix est bien s\u00fbr important, mais le rendement et la rentabilit\u00e9 le sont tout autant au final. \u00ab Si seulement je n\u2019avais pas\u2026 \u00bb : voil\u00e0 une phrase que nous n\u2019aimons pas entendre ici. Nous g\u00e9rons chaque investissement avec toute la prudence requise, mais en gardant \u00e0 l\u2019esprit une vision claire de la croissance future. \u00bb<\/p>\n<p>C'est pourquoi une pr\u00e9paration minutieuse est essentielle.<\/p>\n<p>\u00ab Configurez une machine en fonction des sp\u00e9cifications dont vous avez besoin. Analysez attentivement votre production, vos mat\u00e9riaux et vos ambitions. La machine doit \u00eatre adapt\u00e9e \u00e0 votre entreprise. \u00bb<\/p>\n<h2>Et si vous deviez r\u00e9sumer en une phrase votre collaboration avec OPTIMAT ?<\/h2>\n<p>\u00ab Vous payez pour la qualit\u00e9, mais vous b\u00e9n\u00e9ficiez de la garantie d'OPTIMAT et d'un service sur lequel vous pouvez compter. La \u00ab gr\u00fcndlichkeit \u00bb allemande s'applique sans aucun doute aussi chez OPTIMAT. \u00bb<\/p>\n\n\t\t<\/div>\n\t<\/div>\n<div class=\"vc_empty_space\"   style=\"height: 16px\"><span class=\"vc_empty_space_inner\"><\/span><\/div>\n<div class=\"vc_grid-container-wrapper vc_clearfix vc_grid-animation-zoomIn\">\n\t<div class=\"vc_grid-container vc_clearfix wpb_content_element vc_masonry_media_grid\" style=\"--vc-grid-gap:15px;\" data-initial-loading-animation=\"zoomIn\" data-vc-grid-settings=\"{&quot;page_id&quot;:58679,&quot;style&quot;:&quot;all-masonry&quot;,&quot;action&quot;:&quot;vc_get_vc_grid_data&quot;,&quot;shortcode_id&quot;:&quot;1788253087053-6cebcb4f-0eb8-8&quot;,&quot;tag&quot;:&quot;vc_masonry_media_grid&quot;}\" data-vc-request=\"https:\/\/www.optimat-group.com\/wp-admin\/admin-ajax.php\" data-vc-post-id=\"58679\" data-vc-public-nonce=\"597a24cd52\">\n\t\t\n\t<\/div>\n<\/div><div class=\"vc_empty_space\"   style=\"height: 32px\"><span class=\"vc_empty_space_inner\"><\/span><\/div>\n\t<div class=\"wpb_text_column wpb_content_element\" >\n\t\t<div class=\"wpb_wrapper\">\n\t\t\t<h2>\u00cates-vous \u00e9galement pr\u00eat \u00e0 franchir une nouvelle \u00e9tape dans votre production ?<\/h2>\n<p>Vous souhaitez acc\u00e9l\u00e9rer votre production, am\u00e9liorer l'ergonomie de travail de vos collaborateurs ou optimiser le rendement de vos capacit\u00e9s et de vos mat\u00e9riaux disponibles ? La solution id\u00e9ale commence par une configuration de machines adapt\u00e9e \u00e0 votre atelier, \u00e0 vos produits et \u00e0 vos projets de croissance.<\/p>\n<p>Discutez de vos d\u00e9fis en mati\u00e8re de production avec les sp\u00e9cialistes d'OPTIMAT Wood et d\u00e9couvrez quelle prochaine \u00e9tape pourrait faire la plus grande diff\u00e9rence pour votre entreprise.<\/p>\n\n\t\t<\/div>\n\t<\/div>\n<div class=\"vc_empty_space\"   style=\"height: 16px\"><span class=\"vc_empty_space_inner\"><\/span><\/div><div class=\"vc_btn3-container vc_btn3-center\" ><a class=\"vc_general vc_btn3 vc_btn3-size-md vc_btn3-shape-square vc_btn3-style-modern vc_btn3-icon-left vc_btn3-color-\" href=\"https:\/\/www.optimat-group.com\/fr\/contactez-nous\/\" title=\"Contactez-nous\"><i class=\"vc_btn3-icon fa fa-solid fa-circle-arrow-right\"><\/i> En savoir plus? Contactez-nous!<\/a><\/div><\/div><\/div><\/div><\/div>\n<\/div>","protected":false},"excerpt":{"rendered":"<p>Nous avons discut\u00e9 avec la famille de leur d\u00e9veloppement, de leur choix en faveur d'OPTIMAT et de HOMAG, ainsi que de l'impact de ces choix sur leur fonctionnement quotidien.<\/p>","protected":false},"author":8,"featured_media":58683,"comment_status":"closed","ping_status":"closed","sticky":false,"template":"","format":"standard","meta":{"content-type":"","footnotes":""},"categories":[4],"tags":[],"class_list":["post-58679","post","type-post","status-publish","format-standard","has-post-thumbnail","hentry","category-nieuws","category-4","description-off"],"yoast_head":"<!-- This site is optimized with the Yoast SEO plugin v28.3 - https:\/\/yoast.com\/product\/yoast-seo-wordpress\/ -->\n<title>Van 77 naar 2.000 m\u00b2: hoe Van de Weerd vakmanschap en slimme productie samenbrengt - OPTIMAT<\/title>\n<meta name=\"description\" content=\"We spraken met de familie over hun groei, de keuzes voor OPTIMAT en HOMAG en de impact ervan op de dagelijkse werking.\" \/>\n<meta name=\"robots\" content=\"index, follow, max-snippet:-1, max-image-preview:large, max-video-preview:-1\" \/>\n<link rel=\"canonical\" href=\"https:\/\/www.optimat-group.com\/fr\/actualites\/van-de-weerd\/\" \/>\n<meta property=\"og:locale\" content=\"fr_FR\" \/>\n<meta property=\"og:type\" content=\"article\" \/>\n<meta property=\"og:title\" content=\"Van 77 naar 2.000 m\u00b2: hoe Van de Weerd vakmanschap en slimme productie samenbrengt - OPTIMAT\" \/>\n<meta property=\"og:description\" content=\"We spraken met de familie over hun groei, de keuzes voor OPTIMAT en HOMAG en de impact ervan op de dagelijkse werking.\" \/>\n<meta property=\"og:url\" content=\"https:\/\/www.optimat-group.com\/fr\/actualites\/van-de-weerd\/\" \/>\n<meta property=\"og:site_name\" content=\"OPTIMAT\" \/>\n<meta property=\"article:publisher\" content=\"https:\/\/www.facebook.com\/OptimatGroupWeOptimizeYourWoodflow\" \/>\n<meta property=\"article:published_time\" content=\"2026-09-01T09:02:07+00:00\" \/>\n<meta property=\"article:modified_time\" content=\"2026-09-01T10:58:46+00:00\" \/>\n<meta property=\"og:image\" content=\"https:\/\/www.optimat-group.com\/wp-content\/uploads\/2026\/09\/OPTIMAT-Wood-Van-de-Weerd-HOMAG-02-scaled.jpg\" \/>\n\t<meta property=\"og:image:width\" content=\"2560\" \/>\n\t<meta property=\"og:image:height\" content=\"1707\" \/>\n\t<meta property=\"og:image:type\" content=\"image\/jpeg\" \/>\n<meta name=\"author\" content=\"Jelle Bastiaansen\" \/>\n<meta name=\"twitter:card\" content=\"summary_large_image\" \/>\n<meta name=\"twitter:label1\" content=\"\u00c9crit par\" \/>\n\t<meta name=\"twitter:data1\" content=\"Jelle Bastiaansen\" \/>\n\t<meta name=\"twitter:label2\" content=\"Dur\u00e9e de lecture estim\u00e9e\" \/>\n\t<meta name=\"twitter:data2\" content=\"12 minutes\" \/>\n<script type=\"application\/ld+json\" class=\"yoast-schema-graph\">{\"@context\":\"https:\\\/\\\/schema.org\",\"@graph\":[{\"@type\":\"Article\",\"@id\":\"https:\\\/\\\/www.optimat-group.com\\\/nieuws\\\/van-de-weerd\\\/#article\",\"isPartOf\":{\"@id\":\"https:\\\/\\\/www.optimat-group.com\\\/nieuws\\\/van-de-weerd\\\/\"},\"author\":{\"name\":\"Jelle Bastiaansen\",\"@id\":\"https:\\\/\\\/www.optimat-group.com\\\/#\\\/schema\\\/person\\\/80ed1160a2d7f76a6a73849c6c97696e\"},\"headline\":\"Van 77 naar 2.000 m\u00b2: hoe Van de Weerd vakmanschap en slimme productie samenbrengt\",\"datePublished\":\"2026-09-01T09:02:07+00:00\",\"dateModified\":\"2026-09-01T10:58:46+00:00\",\"mainEntityOfPage\":{\"@id\":\"https:\\\/\\\/www.optimat-group.com\\\/nieuws\\\/van-de-weerd\\\/\"},\"wordCount\":2339,\"publisher\":{\"@id\":\"https:\\\/\\\/www.optimat-group.com\\\/#organization\"},\"image\":{\"@id\":\"https:\\\/\\\/www.optimat-group.com\\\/nieuws\\\/van-de-weerd\\\/#primaryimage\"},\"thumbnailUrl\":\"https:\\\/\\\/www.optimat-group.com\\\/wp-content\\\/uploads\\\/2026\\\/09\\\/OPTIMAT-Wood-Van-de-Weerd-HOMAG-02-scaled.jpg\",\"articleSection\":[\"Nieuws\"],\"inLanguage\":\"fr-FR\"},{\"@type\":\"WebPage\",\"@id\":\"https:\\\/\\\/www.optimat-group.com\\\/nieuws\\\/van-de-weerd\\\/\",\"url\":\"https:\\\/\\\/www.optimat-group.com\\\/nieuws\\\/van-de-weerd\\\/\",\"name\":\"Van 77 naar 2.000 m\u00b2: hoe Van de Weerd vakmanschap en slimme productie samenbrengt - OPTIMAT\",\"isPartOf\":{\"@id\":\"https:\\\/\\\/www.optimat-group.com\\\/#website\"},\"primaryImageOfPage\":{\"@id\":\"https:\\\/\\\/www.optimat-group.com\\\/nieuws\\\/van-de-weerd\\\/#primaryimage\"},\"image\":{\"@id\":\"https:\\\/\\\/www.optimat-group.com\\\/nieuws\\\/van-de-weerd\\\/#primaryimage\"},\"thumbnailUrl\":\"https:\\\/\\\/www.optimat-group.com\\\/wp-content\\\/uploads\\\/2026\\\/09\\\/OPTIMAT-Wood-Van-de-Weerd-HOMAG-02-scaled.jpg\",\"datePublished\":\"2026-09-01T09:02:07+00:00\",\"dateModified\":\"2026-09-01T10:58:46+00:00\",\"description\":\"We spraken met de familie over hun groei, de keuzes voor OPTIMAT en HOMAG en de impact ervan op de dagelijkse werking.\",\"breadcrumb\":{\"@id\":\"https:\\\/\\\/www.optimat-group.com\\\/nieuws\\\/van-de-weerd\\\/#breadcrumb\"},\"inLanguage\":\"fr-FR\",\"potentialAction\":[{\"@type\":\"ReadAction\",\"target\":[\"https:\\\/\\\/www.optimat-group.com\\\/nieuws\\\/van-de-weerd\\\/\"]}]},{\"@type\":\"ImageObject\",\"inLanguage\":\"fr-FR\",\"@id\":\"https:\\\/\\\/www.optimat-group.com\\\/nieuws\\\/van-de-weerd\\\/#primaryimage\",\"url\":\"https:\\\/\\\/www.optimat-group.com\\\/wp-content\\\/uploads\\\/2026\\\/09\\\/OPTIMAT-Wood-Van-de-Weerd-HOMAG-02-scaled.jpg\",\"contentUrl\":\"https:\\\/\\\/www.optimat-group.com\\\/wp-content\\\/uploads\\\/2026\\\/09\\\/OPTIMAT-Wood-Van-de-Weerd-HOMAG-02-scaled.jpg\",\"width\":2560,\"height\":1707,\"caption\":\"OPTIMAT Wood - Van de Weerd - HOMAG\"},{\"@type\":\"BreadcrumbList\",\"@id\":\"https:\\\/\\\/www.optimat-group.com\\\/nieuws\\\/van-de-weerd\\\/#breadcrumb\",\"itemListElement\":[{\"@type\":\"ListItem\",\"position\":1,\"name\":\"Home\",\"item\":\"https:\\\/\\\/www.optimat-group.com\\\/\"},{\"@type\":\"ListItem\",\"position\":2,\"name\":\"Van 77 naar 2.000 m\u00b2: hoe Van de Weerd vakmanschap en slimme productie samenbrengt\"}]},{\"@type\":\"WebSite\",\"@id\":\"https:\\\/\\\/www.optimat-group.com\\\/#website\",\"url\":\"https:\\\/\\\/www.optimat-group.com\\\/\",\"name\":\"Optimat\",\"description\":\"Machines that perform, services that last\",\"publisher\":{\"@id\":\"https:\\\/\\\/www.optimat-group.com\\\/#organization\"},\"potentialAction\":[{\"@type\":\"SearchAction\",\"target\":{\"@type\":\"EntryPoint\",\"urlTemplate\":\"https:\\\/\\\/www.optimat-group.com\\\/?s={search_term_string}\"},\"query-input\":{\"@type\":\"PropertyValueSpecification\",\"valueRequired\":true,\"valueName\":\"search_term_string\"}}],\"inLanguage\":\"fr-FR\"},{\"@type\":\"Organization\",\"@id\":\"https:\\\/\\\/www.optimat-group.com\\\/#organization\",\"name\":\"Optimat group\",\"url\":\"https:\\\/\\\/www.optimat-group.com\\\/\",\"logo\":{\"@type\":\"ImageObject\",\"inLanguage\":\"fr-FR\",\"@id\":\"https:\\\/\\\/www.optimat-group.com\\\/#\\\/schema\\\/logo\\\/image\\\/\",\"url\":\"https:\\\/\\\/www.optimat-group.com\\\/wp-content\\\/uploads\\\/2022\\\/05\\\/logo-color.png\",\"contentUrl\":\"https:\\\/\\\/www.optimat-group.com\\\/wp-content\\\/uploads\\\/2022\\\/05\\\/logo-color.png\",\"width\":826,\"height\":826,\"caption\":\"Optimat group\"},\"image\":{\"@id\":\"https:\\\/\\\/www.optimat-group.com\\\/#\\\/schema\\\/logo\\\/image\\\/\"},\"sameAs\":[\"https:\\\/\\\/www.facebook.com\\\/OptimatGroupWeOptimizeYourWoodflow\"]},{\"@type\":\"Person\",\"@id\":\"https:\\\/\\\/www.optimat-group.com\\\/#\\\/schema\\\/person\\\/80ed1160a2d7f76a6a73849c6c97696e\",\"name\":\"Jelle Bastiaansen\"}]}<\/script>\n<!-- \/ Yoast SEO plugin. -->","yoast_head_json":{"title":"Van 77 naar 2.000 m\u00b2: hoe Van de Weerd vakmanschap en slimme productie samenbrengt - OPTIMAT","description":"We spraken met de familie over hun groei, de keuzes voor OPTIMAT en HOMAG en de impact ervan op de dagelijkse werking.","robots":{"index":"index","follow":"follow","max-snippet":"max-snippet:-1","max-image-preview":"max-image-preview:large","max-video-preview":"max-video-preview:-1"},"canonical":"https:\/\/www.optimat-group.com\/fr\/actualites\/van-de-weerd\/","og_locale":"fr_FR","og_type":"article","og_title":"Van 77 naar 2.000 m\u00b2: hoe Van de Weerd vakmanschap en slimme productie samenbrengt - OPTIMAT","og_description":"We spraken met de familie over hun groei, de keuzes voor OPTIMAT en HOMAG en de impact ervan op de dagelijkse werking.","og_url":"https:\/\/www.optimat-group.com\/fr\/actualites\/van-de-weerd\/","og_site_name":"OPTIMAT","article_publisher":"https:\/\/www.facebook.com\/OptimatGroupWeOptimizeYourWoodflow","article_published_time":"2026-09-01T09:02:07+00:00","article_modified_time":"2026-09-01T10:58:46+00:00","og_image":[{"width":2560,"height":1707,"url":"https:\/\/www.optimat-group.com\/wp-content\/uploads\/2026\/09\/OPTIMAT-Wood-Van-de-Weerd-HOMAG-02-scaled.jpg","type":"image\/jpeg"}],"author":"Jelle Bastiaansen","twitter_card":"summary_large_image","twitter_misc":{"\u00c9crit par":"Jelle Bastiaansen","Dur\u00e9e de lecture estim\u00e9e":"12 minutes"},"schema":{"@context":"https:\/\/schema.org","@graph":[{"@type":"Article","@id":"https:\/\/www.optimat-group.com\/nieuws\/van-de-weerd\/#article","isPartOf":{"@id":"https:\/\/www.optimat-group.com\/nieuws\/van-de-weerd\/"},"author":{"name":"Jelle Bastiaansen","@id":"https:\/\/www.optimat-group.com\/#\/schema\/person\/80ed1160a2d7f76a6a73849c6c97696e"},"headline":"Van 77 naar 2.000 m\u00b2: hoe Van de Weerd vakmanschap en slimme productie samenbrengt","datePublished":"2026-09-01T09:02:07+00:00","dateModified":"2026-09-01T10:58:46+00:00","mainEntityOfPage":{"@id":"https:\/\/www.optimat-group.com\/nieuws\/van-de-weerd\/"},"wordCount":2339,"publisher":{"@id":"https:\/\/www.optimat-group.com\/#organization"},"image":{"@id":"https:\/\/www.optimat-group.com\/nieuws\/van-de-weerd\/#primaryimage"},"thumbnailUrl":"https:\/\/www.optimat-group.com\/wp-content\/uploads\/2026\/09\/OPTIMAT-Wood-Van-de-Weerd-HOMAG-02-scaled.jpg","articleSection":["Nieuws"],"inLanguage":"fr-FR"},{"@type":"WebPage","@id":"https:\/\/www.optimat-group.com\/nieuws\/van-de-weerd\/","url":"https:\/\/www.optimat-group.com\/nieuws\/van-de-weerd\/","name":"Van 77 naar 2.000 m\u00b2: hoe Van de Weerd vakmanschap en slimme productie samenbrengt - OPTIMAT","isPartOf":{"@id":"https:\/\/www.optimat-group.com\/#website"},"primaryImageOfPage":{"@id":"https:\/\/www.optimat-group.com\/nieuws\/van-de-weerd\/#primaryimage"},"image":{"@id":"https:\/\/www.optimat-group.com\/nieuws\/van-de-weerd\/#primaryimage"},"thumbnailUrl":"https:\/\/www.optimat-group.com\/wp-content\/uploads\/2026\/09\/OPTIMAT-Wood-Van-de-Weerd-HOMAG-02-scaled.jpg","datePublished":"2026-09-01T09:02:07+00:00","dateModified":"2026-09-01T10:58:46+00:00","description":"We spraken met de familie over hun groei, de keuzes voor OPTIMAT en HOMAG en de impact ervan op de dagelijkse werking.","breadcrumb":{"@id":"https:\/\/www.optimat-group.com\/nieuws\/van-de-weerd\/#breadcrumb"},"inLanguage":"fr-FR","potentialAction":[{"@type":"ReadAction","target":["https:\/\/www.optimat-group.com\/nieuws\/van-de-weerd\/"]}]},{"@type":"ImageObject","inLanguage":"fr-FR","@id":"https:\/\/www.optimat-group.com\/nieuws\/van-de-weerd\/#primaryimage","url":"https:\/\/www.optimat-group.com\/wp-content\/uploads\/2026\/09\/OPTIMAT-Wood-Van-de-Weerd-HOMAG-02-scaled.jpg","contentUrl":"https:\/\/www.optimat-group.com\/wp-content\/uploads\/2026\/09\/OPTIMAT-Wood-Van-de-Weerd-HOMAG-02-scaled.jpg","width":2560,"height":1707,"caption":"OPTIMAT Wood - Van de Weerd - HOMAG"},{"@type":"BreadcrumbList","@id":"https:\/\/www.optimat-group.com\/nieuws\/van-de-weerd\/#breadcrumb","itemListElement":[{"@type":"ListItem","position":1,"name":"Home","item":"https:\/\/www.optimat-group.com\/"},{"@type":"ListItem","position":2,"name":"Van 77 naar 2.000 m\u00b2: hoe Van de Weerd vakmanschap en slimme productie samenbrengt"}]},{"@type":"WebSite","@id":"https:\/\/www.optimat-group.com\/#website","url":"https:\/\/www.optimat-group.com\/","name":"Optimat","description":"Machines that perform, services that last","publisher":{"@id":"https:\/\/www.optimat-group.com\/#organization"},"potentialAction":[{"@type":"SearchAction","target":{"@type":"EntryPoint","urlTemplate":"https:\/\/www.optimat-group.com\/?s={search_term_string}"},"query-input":{"@type":"PropertyValueSpecification","valueRequired":true,"valueName":"search_term_string"}}],"inLanguage":"fr-FR"},{"@type":"Organization","@id":"https:\/\/www.optimat-group.com\/#organization","name":"Optimat group","url":"https:\/\/www.optimat-group.com\/","logo":{"@type":"ImageObject","inLanguage":"fr-FR","@id":"https:\/\/www.optimat-group.com\/#\/schema\/logo\/image\/","url":"https:\/\/www.optimat-group.com\/wp-content\/uploads\/2022\/05\/logo-color.png","contentUrl":"https:\/\/www.optimat-group.com\/wp-content\/uploads\/2022\/05\/logo-color.png","width":826,"height":826,"caption":"Optimat group"},"image":{"@id":"https:\/\/www.optimat-group.com\/#\/schema\/logo\/image\/"},"sameAs":["https:\/\/www.facebook.com\/OptimatGroupWeOptimizeYourWoodflow"]},{"@type":"Person","@id":"https:\/\/www.optimat-group.com\/#\/schema\/person\/80ed1160a2d7f76a6a73849c6c97696e","name":"Jelle Bastiaansen"}]}},"acf":{"languages":["nl","fr"],"pillar":["Wood"]},"_links":{"self":[{"href":"https:\/\/www.optimat-group.com\/fr\/wp-json\/wp\/v2\/posts\/58679","targetHints":{"allow":["GET"]}}],"collection":[{"href":"https:\/\/www.optimat-group.com\/fr\/wp-json\/wp\/v2\/posts"}],"about":[{"href":"https:\/\/www.optimat-group.com\/fr\/wp-json\/wp\/v2\/types\/post"}],"author":[{"embeddable":true,"href":"https:\/\/www.optimat-group.com\/fr\/wp-json\/wp\/v2\/users\/8"}],"replies":[{"embeddable":true,"href":"https:\/\/www.optimat-group.com\/fr\/wp-json\/wp\/v2\/comments?post=58679"}],"version-history":[{"count":16,"href":"https:\/\/www.optimat-group.com\/fr\/wp-json\/wp\/v2\/posts\/58679\/revisions"}],"predecessor-version":[{"id":58722,"href":"https:\/\/www.optimat-group.com\/fr\/wp-json\/wp\/v2\/posts\/58679\/revisions\/58722"}],"wp:featuredmedia":[{"embeddable":true,"href":"https:\/\/www.optimat-group.com\/fr\/wp-json\/wp\/v2\/media\/58683"}],"wp:attachment":[{"href":"https:\/\/www.optimat-group.com\/fr\/wp-json\/wp\/v2\/media?parent=58679"}],"wp:term":[{"taxonomy":"category","embeddable":true,"href":"https:\/\/www.optimat-group.com\/fr\/wp-json\/wp\/v2\/categories?post=58679"},{"taxonomy":"post_tag","embeddable":true,"href":"https:\/\/www.optimat-group.com\/fr\/wp-json\/wp\/v2\/tags?post=58679"}],"curies":[{"name":"wp","href":"https:\/\/api.w.org\/{rel}","templated":true}]}}